{"id":800,"date":"2016-11-29T10:07:00","date_gmt":"2016-11-29T09:07:00","guid":{"rendered":"https:\/\/samovar2022.int-evry.fr\/index.php\/2016\/11\/29\/seminaire-gouvernance-et-securite-des-donnees-ce-jeudi-1er-decembre-a-8h30\/"},"modified":"2020-09-04T18:46:10","modified_gmt":"2020-09-04T16:46:10","slug":"seminaire-gouvernance-et-securite-des-donnees-ce-jeudi-1er-decembre-a-8h30","status":"publish","type":"post","link":"https:\/\/samovar.telecom-sudparis.eu\/index.php\/2016\/11\/29\/seminaire-gouvernance-et-securite-des-donnees-ce-jeudi-1er-decembre-a-8h30\/","title":{"rendered":"S\u00e9minaire Gouvernance et s\u00e9curit\u00e9 des donn\u00e9es\u00a0\u00bb &#8211; ce jeudi 1er d\u00e9cembre \u00e0 8h30"},"content":{"rendered":"<p>Le s\u00e9minaire Gouvernance &#038; S\u00e9curit\u00e9 des donn\u00e9es,<strong> du jeudi 1er d\u00e9cembre,<\/strong> est organis\u00e9 par Evry Sciences Innovation sur le campus de T\u00e9l\u00e9com Ecole de Management  et T\u00e9l\u00e9com SudParis. Il est port\u00e9 par Xavier Strubel.<\/p>\n<p>La gouvernance et la s\u00e9curit\u00e9 des donn\u00e9es constituent aujourd\u2019hui des priorit\u00e9s strat\u00e9giques pour de nombreuses organisations en pleine transformation num\u00e9rique mais soul\u00e8vent de nombreux questionnements.<br \/>\nComment concilier d\u00e9fis \u00e9thiques et mon\u00e9tisation des donn\u00e9es ? Quels sont les risques en mati\u00e8re de fuite\/violation de donn\u00e9es et comment s\u2019en pr\u00e9munir ? Comment assurer la certification des \u00e9changes de donn\u00e9es transitant sur Internet et sur les r\u00e9seaux du futur ? Qu\u2019attendre de la certification anonyme ?<\/p>\n<p>Le but de ce s\u00e9minaire est de d\u00e9battre de ces questions en permettant aux acteurs acad\u00e9miques et \u00e9conomiques du territoire d\u2019Evry-Corbeil de partager leurs probl\u00e9matiques et leurs exp\u00e9riences en mati\u00e8re de gestion des donn\u00e9es.<\/p>\n<p>Nous vous invitons \u00e0 y participer et \u00e0 vous inscrire \u00e0 partir de l&rsquo;adresse suivante :<br \/>\nhttp:\/\/www.evry-sc-innov.fr\/seminaires\/securitedonnees\/<br \/>\nou par email : seminaire@evry-sc-innov.fr<\/p>\n","protected":false},"excerpt":{"rendered":"<p>Le s\u00e9minaire Gouvernance &#038; S\u00e9curit\u00e9 des donn\u00e9es, du jeudi 1er d\u00e9cembre, est organis\u00e9 par Evry Sciences Innovation sur le campus de T\u00e9l\u00e9com Ecole de Management et T\u00e9l\u00e9com SudParis. Il est port\u00e9 par Xavier Strubel. La gouvernance et la s\u00e9curit\u00e9 des donn\u00e9es constituent aujourd\u2019hui des priorit\u00e9s strat\u00e9giques pour de nombreuses organisations en pleine transformation num\u00e9rique mais [&hellip;]<\/p>\n","protected":false},"author":1,"featured_media":799,"comment_status":"closed","ping_status":"open","sticky":false,"template":"","format":"standard","meta":{"ocean_post_layout":"","ocean_both_sidebars_style":"","ocean_both_sidebars_content_width":0,"ocean_both_sidebars_sidebars_width":0,"ocean_sidebar":"","ocean_second_sidebar":"","ocean_disable_margins":"enable","ocean_add_body_class":"","ocean_shortcode_before_top_bar":"","ocean_shortcode_after_top_bar":"","ocean_shortcode_before_header":"","ocean_shortcode_after_header":"","ocean_has_shortcode":"","ocean_shortcode_after_title":"","ocean_shortcode_before_footer_widgets":"","ocean_shortcode_after_footer_widgets":"","ocean_shortcode_before_footer_bottom":"","ocean_shortcode_after_footer_bottom":"","ocean_display_top_bar":"default","ocean_display_header":"default","ocean_header_style":"","ocean_center_header_left_menu":"","ocean_custom_header_template":"","ocean_custom_logo":0,"ocean_custom_retina_logo":0,"ocean_custom_logo_max_width":0,"ocean_custom_logo_tablet_max_width":0,"ocean_custom_logo_mobile_max_width":0,"ocean_custom_logo_max_height":0,"ocean_custom_logo_tablet_max_height":0,"ocean_custom_logo_mobile_max_height":0,"ocean_header_custom_menu":"","ocean_menu_typo_font_family":"","ocean_menu_typo_font_subset":"","ocean_menu_typo_font_size":0,"ocean_menu_typo_font_size_tablet":0,"ocean_menu_typo_font_size_mobile":0,"ocean_menu_typo_font_size_unit":"px","ocean_menu_typo_font_weight":"","ocean_menu_typo_font_weight_tablet":"","ocean_menu_typo_font_weight_mobile":"","ocean_menu_typo_transform":"","ocean_menu_typo_transform_tablet":"","ocean_menu_typo_transform_mobile":"","ocean_menu_typo_line_height":0,"ocean_menu_typo_line_height_tablet":0,"ocean_menu_typo_line_height_mobile":0,"ocean_menu_typo_line_height_unit":"","ocean_menu_typo_spacing":0,"ocean_menu_typo_spacing_tablet":0,"ocean_menu_typo_spacing_mobile":0,"ocean_menu_typo_spacing_unit":"","ocean_menu_link_color":"","ocean_menu_link_color_hover":"","ocean_menu_link_color_active":"","ocean_menu_link_background":"","ocean_menu_link_hover_background":"","ocean_menu_link_active_background":"","ocean_menu_social_links_bg":"","ocean_menu_social_hover_links_bg":"","ocean_menu_social_links_color":"","ocean_menu_social_hover_links_color":"","ocean_disable_title":"default","ocean_disable_heading":"default","ocean_post_title":"","ocean_post_subheading":"","ocean_post_title_style":"","ocean_post_title_background_color":"","ocean_post_title_background":0,"ocean_post_title_bg_image_position":"","ocean_post_title_bg_image_attachment":"","ocean_post_title_bg_image_repeat":"","ocean_post_title_bg_image_size":"","ocean_post_title_height":0,"ocean_post_title_bg_overlay":0.5,"ocean_post_title_bg_overlay_color":"","ocean_disable_breadcrumbs":"default","ocean_breadcrumbs_color":"","ocean_breadcrumbs_separator_color":"","ocean_breadcrumbs_links_color":"","ocean_breadcrumbs_links_hover_color":"","ocean_display_footer_widgets":"default","ocean_display_footer_bottom":"default","ocean_custom_footer_template":"","ocean_post_oembed":"","ocean_post_self_hosted_media":"","ocean_post_video_embed":"","ocean_link_format":"","ocean_link_format_target":"self","ocean_quote_format":"","ocean_quote_format_link":"post","ocean_gallery_link_images":"on","ocean_gallery_id":[],"footnotes":""},"categories":[286],"tags":[],"class_list":["post-800","post","type-post","status-publish","format-standard","has-post-thumbnail","hentry","category-fractualites-ennews-fr","entry","has-media"],"_links":{"self":[{"href":"https:\/\/samovar.telecom-sudparis.eu\/index.php\/wp-json\/wp\/v2\/posts\/800","targetHints":{"allow":["GET"]}}],"collection":[{"href":"https:\/\/samovar.telecom-sudparis.eu\/index.php\/wp-json\/wp\/v2\/posts"}],"about":[{"href":"https:\/\/samovar.telecom-sudparis.eu\/index.php\/wp-json\/wp\/v2\/types\/post"}],"author":[{"embeddable":true,"href":"https:\/\/samovar.telecom-sudparis.eu\/index.php\/wp-json\/wp\/v2\/users\/1"}],"replies":[{"embeddable":true,"href":"https:\/\/samovar.telecom-sudparis.eu\/index.php\/wp-json\/wp\/v2\/comments?post=800"}],"version-history":[{"count":1,"href":"https:\/\/samovar.telecom-sudparis.eu\/index.php\/wp-json\/wp\/v2\/posts\/800\/revisions"}],"predecessor-version":[{"id":1647,"href":"https:\/\/samovar.telecom-sudparis.eu\/index.php\/wp-json\/wp\/v2\/posts\/800\/revisions\/1647"}],"wp:featuredmedia":[{"embeddable":true,"href":"https:\/\/samovar.telecom-sudparis.eu\/index.php\/wp-json\/wp\/v2\/media\/799"}],"wp:attachment":[{"href":"https:\/\/samovar.telecom-sudparis.eu\/index.php\/wp-json\/wp\/v2\/media?parent=800"}],"wp:term":[{"taxonomy":"category","embeddable":true,"href":"https:\/\/samovar.telecom-sudparis.eu\/index.php\/wp-json\/wp\/v2\/categories?post=800"},{"taxonomy":"post_tag","embeddable":true,"href":"https:\/\/samovar.telecom-sudparis.eu\/index.php\/wp-json\/wp\/v2\/tags?post=800"}],"curies":[{"name":"wp","href":"https:\/\/api.w.org\/{rel}","templated":true}]}}