{"id":795,"date":"2016-11-25T16:22:00","date_gmt":"2016-11-25T15:22:00","guid":{"rendered":"https:\/\/samovar2022.int-evry.fr\/index.php\/2016\/11\/25\/presentation-et-visite-devident\/"},"modified":"2020-09-04T18:46:11","modified_gmt":"2020-09-04T16:46:11","slug":"presentation-et-visite-devident","status":"publish","type":"post","link":"https:\/\/samovar.telecom-sudparis.eu\/index.php\/2016\/11\/25\/presentation-et-visite-devident\/","title":{"rendered":"Presentation et visite d&rsquo;EVIDENT"},"content":{"rendered":"<p><strong>Le  LUNDI 5 DECEMBRE 2016<\/strong><\/p>\n<p>Nous aurons l\u2019occasion d\u2019accueillir nos coll\u00e8gues de l\u2019Institut Mines T\u00e9l\u00e9com qui font partie du projet SHELL, f\u00e9d\u00e9ration de Living labs en Sant\u00e9 et autonomie. Il s\u2019agit d\u2019EC qui ont l\u2019exp\u00e9rience d\u2019un Living Lab \u00e0 Brest, Nancy, Montpellier.<br \/>\nCertains d\u2019entre nous (Jerome Boudy, Gerard Dubey, Helene Pr\u00e9vot-Huille) ont d\u00e9j\u00e0 eu l\u2019occasion de les rencontrer lors de visites \u00e0 Brest ou Nancy. A nous maintenant de les accueillir \u00e0 Evry et de leur faire connaitre l\u2019appartement EVIDENT et le projet.<\/p>\n<p><strong>L\u2019ordre du jour de la journ\u00e9e sera le suivant:<\/strong><\/p>\n<p>9h-11h : Visite du Living Lab Evident incluant des d\u00e9monstrations<br \/>\n11h-12h : Point sur le recensement de \u201cbriques\u201d pour la mise en place du projet d\u2019IMT Store (logiciels ou capteurs qui pourraient \u00eatre partag\u00e9s entre les diff\u00e9rents living labs dans un but de test, \u00e9valuations\u2026)<br \/>\n12h-14h : D\u00e9jeuner<br \/>\n14h-16h : Retour sur l\u2019\u00e9tude sociologique des Livings Labs (Pr\u00e9sentation des premiers r\u00e9sultats par Valentin Berthou et discussion autour de livrables finaux attendus)<br \/>\nValentin Berthou est un doctorant sociologue \u00e0 l\u2019UTT qui a fait une \u00e9tude d\u2019observation dans les LL de Nancy et de Brest et nous proposera un premier retour sur son exp\u00e9rience. <\/p>\n<p>Si ces sujets vous int\u00e9ressent vous \u00eates cordialement invit\u00e9s \u00e0 participer \u00e0 cette journ\u00e9e qui aura lieu dans l\u2019amphi ETOILE, \u00e0 Evry T\u00e9l\u00e9com SudParis.<\/p>\n","protected":false},"excerpt":{"rendered":"<p>Le LUNDI 5 DECEMBRE 2016 Nous aurons l\u2019occasion d\u2019accueillir nos coll\u00e8gues de l\u2019Institut Mines T\u00e9l\u00e9com qui font partie du projet SHELL, f\u00e9d\u00e9ration de Living labs en Sant\u00e9 et autonomie. Il s\u2019agit d\u2019EC qui ont l\u2019exp\u00e9rience d\u2019un Living Lab \u00e0 Brest, Nancy, Montpellier. Certains d\u2019entre nous (Jerome Boudy, Gerard Dubey, Helene Pr\u00e9vot-Huille) ont d\u00e9j\u00e0 eu l\u2019occasion [&hellip;]<\/p>\n","protected":false},"author":1,"featured_media":0,"comment_status":"closed","ping_status":"open","sticky":false,"template":"","format":"standard","meta":{"ocean_post_layout":"","ocean_both_sidebars_style":"","ocean_both_sidebars_content_width":0,"ocean_both_sidebars_sidebars_width":0,"ocean_sidebar":"","ocean_second_sidebar":"","ocean_disable_margins":"enable","ocean_add_body_class":"","ocean_shortcode_before_top_bar":"","ocean_shortcode_after_top_bar":"","ocean_shortcode_before_header":"","ocean_shortcode_after_header":"","ocean_has_shortcode":"","ocean_shortcode_after_title":"","ocean_shortcode_before_footer_widgets":"","ocean_shortcode_after_footer_widgets":"","ocean_shortcode_before_footer_bottom":"","ocean_shortcode_after_footer_bottom":"","ocean_display_top_bar":"default","ocean_display_header":"default","ocean_header_style":"","ocean_center_header_left_menu":"","ocean_custom_header_template":"","ocean_custom_logo":0,"ocean_custom_retina_logo":0,"ocean_custom_logo_max_width":0,"ocean_custom_logo_tablet_max_width":0,"ocean_custom_logo_mobile_max_width":0,"ocean_custom_logo_max_height":0,"ocean_custom_logo_tablet_max_height":0,"ocean_custom_logo_mobile_max_height":0,"ocean_header_custom_menu":"","ocean_menu_typo_font_family":"","ocean_menu_typo_font_subset":"","ocean_menu_typo_font_size":0,"ocean_menu_typo_font_size_tablet":0,"ocean_menu_typo_font_size_mobile":0,"ocean_menu_typo_font_size_unit":"px","ocean_menu_typo_font_weight":"","ocean_menu_typo_font_weight_tablet":"","ocean_menu_typo_font_weight_mobile":"","ocean_menu_typo_transform":"","ocean_menu_typo_transform_tablet":"","ocean_menu_typo_transform_mobile":"","ocean_menu_typo_line_height":0,"ocean_menu_typo_line_height_tablet":0,"ocean_menu_typo_line_height_mobile":0,"ocean_menu_typo_line_height_unit":"","ocean_menu_typo_spacing":0,"ocean_menu_typo_spacing_tablet":0,"ocean_menu_typo_spacing_mobile":0,"ocean_menu_typo_spacing_unit":"","ocean_menu_link_color":"","ocean_menu_link_color_hover":"","ocean_menu_link_color_active":"","ocean_menu_link_background":"","ocean_menu_link_hover_background":"","ocean_menu_link_active_background":"","ocean_menu_social_links_bg":"","ocean_menu_social_hover_links_bg":"","ocean_menu_social_links_color":"","ocean_menu_social_hover_links_color":"","ocean_disable_title":"default","ocean_disable_heading":"default","ocean_post_title":"","ocean_post_subheading":"","ocean_post_title_style":"","ocean_post_title_background_color":"","ocean_post_title_background":0,"ocean_post_title_bg_image_position":"","ocean_post_title_bg_image_attachment":"","ocean_post_title_bg_image_repeat":"","ocean_post_title_bg_image_size":"","ocean_post_title_height":0,"ocean_post_title_bg_overlay":0.5,"ocean_post_title_bg_overlay_color":"","ocean_disable_breadcrumbs":"default","ocean_breadcrumbs_color":"","ocean_breadcrumbs_separator_color":"","ocean_breadcrumbs_links_color":"","ocean_breadcrumbs_links_hover_color":"","ocean_display_footer_widgets":"default","ocean_display_footer_bottom":"default","ocean_custom_footer_template":"","ocean_post_oembed":"","ocean_post_self_hosted_media":"","ocean_post_video_embed":"","ocean_link_format":"","ocean_link_format_target":"self","ocean_quote_format":"","ocean_quote_format_link":"post","ocean_gallery_link_images":"on","ocean_gallery_id":[],"footnotes":""},"categories":[286],"tags":[],"class_list":["post-795","post","type-post","status-publish","format-standard","hentry","category-fractualites-ennews-fr","entry"],"_links":{"self":[{"href":"https:\/\/samovar.telecom-sudparis.eu\/index.php\/wp-json\/wp\/v2\/posts\/795","targetHints":{"allow":["GET"]}}],"collection":[{"href":"https:\/\/samovar.telecom-sudparis.eu\/index.php\/wp-json\/wp\/v2\/posts"}],"about":[{"href":"https:\/\/samovar.telecom-sudparis.eu\/index.php\/wp-json\/wp\/v2\/types\/post"}],"author":[{"embeddable":true,"href":"https:\/\/samovar.telecom-sudparis.eu\/index.php\/wp-json\/wp\/v2\/users\/1"}],"replies":[{"embeddable":true,"href":"https:\/\/samovar.telecom-sudparis.eu\/index.php\/wp-json\/wp\/v2\/comments?post=795"}],"version-history":[{"count":1,"href":"https:\/\/samovar.telecom-sudparis.eu\/index.php\/wp-json\/wp\/v2\/posts\/795\/revisions"}],"predecessor-version":[{"id":1650,"href":"https:\/\/samovar.telecom-sudparis.eu\/index.php\/wp-json\/wp\/v2\/posts\/795\/revisions\/1650"}],"wp:attachment":[{"href":"https:\/\/samovar.telecom-sudparis.eu\/index.php\/wp-json\/wp\/v2\/media?parent=795"}],"wp:term":[{"taxonomy":"category","embeddable":true,"href":"https:\/\/samovar.telecom-sudparis.eu\/index.php\/wp-json\/wp\/v2\/categories?post=795"},{"taxonomy":"post_tag","embeddable":true,"href":"https:\/\/samovar.telecom-sudparis.eu\/index.php\/wp-json\/wp\/v2\/tags?post=795"}],"curies":[{"name":"wp","href":"https:\/\/api.w.org\/{rel}","templated":true}]}}